{"id":842,"date":"2015-03-18T10:14:14","date_gmt":"2015-03-18T09:14:14","guid":{"rendered":"https:\/\/rakuskopraca.sk\/a-kulfoldi-munkavallalas-mellet-dontott-szeretne-tudni-mi-mindenre-van-szuksege-a-kiutazashoz\/"},"modified":"2015-03-18T10:14:14","modified_gmt":"2015-03-18T09:14:14","slug":"a-kulfoldi-munkavallalas-mellet-dontott-szeretne-tudni-mi-mindenre-van-szuksege-a-kiutazashoz","status":"publish","type":"post","link":"https:\/\/rakuskopraca.sk\/hu\/a-kulfoldi-munkavallalas-mellet-dontott-szeretne-tudni-mi-mindenre-van-szuksege-a-kiutazashoz\/","title":{"rendered":"A k\u00fclf\u00f6ldi munkav\u00e1llal\u00e1s mellet d\u00f6nt\u00f6tt? Szeretn\u00e9 tudni mi mindenre  van sz\u00fcks\u00e9ge a kiutaz\u00e1shoz?"},"content":{"rendered":"<p>Ha nem kedveli a hat\u00f3s\u00e1gokon val\u00f3 hosszadalmas \u00fcgyint\u00e9z\u00e9seket, \u00a0\u00e9s egy olyan lehet\u0151s\u00e9get keres, amely a pap\u00edrmunk\u00e1k elint\u00e9z\u00e9s\u00e9nek minden ter\u00e9n seg\u00edt,\u00a0 az olyan HR c\u00e9geket aj\u00e1nljuk figyelm\u00e9be, amelyekre professzion\u00e1lis szinten sz\u00e1m\u00edthat. Szlov\u00e1kia egyik legnagyobb v\u00e1llalata az ATENA \u2013 PERSONAL CONSULTING s.r.o. , Mi\u00a0 minden formalit\u00e1sban seg\u00edt\u00fcnk \u00d6nnek, hogy utaz\u00e1sa kellemesen \u00e9s nyugalomban teljen.<\/p>\n<p><strong>Sz\u00fcks\u00e9ges dokumentumok list\u00e1ja<\/strong><\/p>\n<p><strong>\u00a0<\/strong><\/p>\n<ul>\n<li>Gy\u0151z\u0151dj\u00f6n meg szem\u00e9lyi igazolv\u00e1nya \u00e9rv\u00e9nyess\u00e9g\u00e9r\u0151l<\/li>\n<li>\u00c9rdekl\u0151dje meg, milyen (munkav\u00e1llal\u00e1shoz sz\u00fcks\u00e9ges) enged\u00e9lyekre van sz\u00fcks\u00e9ge az adott orsz\u00e1gban l\u00e9v\u0151 tart\u00f3zkod\u00e1shoz.<\/li>\n<li>Hivatalosan ford\u00edtott erk\u00f6lcsi bizon\u00edtv\u00e1ny<\/li>\n<li>\u00a0Minden olyan okm\u00e1ny amely igazolja az \u00d6n szem\u00e9lyi \u00e1llapot\u00e1t pl. h\u00e1zass\u00e1glev\u00e9l, sz\u00fclet\u00e9si anyak\u00f6nyvi kivonat.<\/li>\n<\/ul>\n<p>&nbsp;<\/p>\n<p>&nbsp;<\/p>\n<ul>\n<li>Leghat\u00e1sosabb, ha egy elismert munkak\u00f6zvet\u00edt\u0151 \u00fcgyn\u00f6ks\u00e9g \u00e1ltal szer\u0151dik, amely bebiztos\u00edtja a\u00a0megfelel\u0151\u00a0 munkak\u00f6r\u00fclm\u00e9nyeket, a\u00a0b\u00e9rez\u00e9s magass\u00e1g\u00e1t, a\u00a0fizet\u00e9s m\u00f3dj\u00e1t, a\u00a0k\u00f6telez\u0151 j\u00e1rul\u00e9kok befizet\u00e9s\u00e9t, munkav\u00e9gz\u00e9s hely\u00e9t, munka jelleg\u00e9t, munkaviszony hossz\u00e1t &#8230;<\/li>\n<li>Az adott orsz\u00e1g nyelv\u00e9re hivatalosan\u00a0 leford\u00edtott szakami tapaszatalait igazol\u00f3 okm\u00e1nyok eredeti p\u00e9ld\u00e1nyai<\/li>\n<li>\u00a0Oklevelei eredeti p\u00e9ld\u00e1nyai, \u00e9s szakmai alkalmass\u00e1g\u00e1t igazol\u00f3 tan\u00fas\u00edtv\u00e1nyok,<\/li>\n<li>\u00a0\u00a0Az \u00fcgyn\u00f6ks\u00e9g az \u00d6n\u00a0szakmai alkalmass\u00e1ga alapj\u00e1n meg\u00e1llap\u00edtja, hogy az adott osrsz\u00e1g ter\u00fclet\u00e9n sz\u00fcks\u00e9ges-e \u00a0honos\u00edtani k\u00e9pes\u00edt\u00e9s\u00e9t<\/li>\n<li>Az adott orsz\u00e1g ter\u00fclet\u00e9n \u00e9rv\u00e9nyes vezet\u0151i enged\u00e9ly<\/li>\n<li>\u00a0\u00a0 Aktu\u00e1lis f\u00e9nyk\u00e9p ( ide\u00e1lis nagys\u00e1g \u00fatlev\u00e9l f\u00e9nyk\u00e9p m\u00e9ret)<\/li>\n<li>Okm\u00e1nyai \u00e9s a k\u00e9pes\u00edt\u00e9s megszerz\u00e9s\u00e9r\u0151l sz\u00f3l\u00f3 tan\u00fas\u00edtv\u00e1nyai\u00a0 hivatalos ford\u00edt\u00e1sa. K\u00e9relmez\u00e9s ellen\u00e9ben az \u00fcgyn\u00f6ks\u00e9g is bebziztos\u00edtja a\u00a0szolg\u00e1ltat\u00e1st.<\/li>\n<\/ul>\n<p><strong>Sz\u00fcks\u00e9ges formalit\u00e1sok <\/strong><\/p>\n<p>K\u00fclf\u00f6ldi munkav\u00e1llal\u00e1s\u00e1nak sz\u00e1nd\u00e9k\u00e1r\u00f3l \u00e9rtes\u00edtsen minden \u00e9rintett int\u00e9zm\u00e9nyt. Ne feledje, hogy besz\u00e1mol\u00e1si k\u00f6telezetts\u00e9ggel tartozik p\u00e9ld\u00e1ul a\u00a0tarsadalalombiztos\u00edt\u00f3val szemben. T\u00f6bbekk\u00f6z\u00f6tt ezt a\u00a0szolg\u00e1ltat\u00e1st is biztos\u00edtja a\u00a0munkak\u00f6zvet\u00edt\u0151.<\/p>\n<p>&nbsp;<\/p>\n<ul>\n<li>\u00c9rtes\u00edtse csal\u00e1dj\u00e1t, bar\u00e1tait minden fontos hivatalt \u00faj el\u00e9rhet\u0151s\u00e9geir\u0151l , hogy az \u00d6nnek sz\u00e1nt \u00a0posta, \u00faj c\u00edm\u00e9re \u00e9rkezzen<\/li>\n<li>Rendelkezzen legal\u00e1bb egy h\u00f3napra elegend\u0151 (vagy a\u00a0hazautaz\u00e1shoz elegend\u0151) anyagi tartal\u00e9kkal,<\/li>\n<li>Minden professzion\u00e1lis munkak\u00f6zvet\u00edt\u0151 k\u00f6teles seg\u00edts\u00e9get ny\u00fajtani a\u00a0kijut\u00e1sban, bizonyos c\u00e9gek, pl. az ATENA- PERSONAL CONSULTING s.r.o. , ak\u00e1r az \u00d6n \u00e1ltal meghat\u00e1rozott helyr\u0151l is bebiztos\u00edtja a\u00a0sz\u00e1ll\u00edt\u00e1st.<\/li>\n<\/ul>\n<p><strong>T\u00e1rsadalombiztos\u00edt\u00e1s<\/strong><\/p>\n<p>Sz\u00e1mos EU tag\u00e1llamban, ez\u00e1ltal Ausztri\u00e1ban is , k\u00f6telez\u0151 a szoci\u00e1lis alapba val\u00f3\u00a0 regisztr\u00e1ci\u00f3. A nemzetk\u00f6zi egy\u00fcttm\u0171k\u00f6d\u00e9s megk\u00f6nny\u00edt\u00e9s\u00e9re az EU-n bel\u00fcl az ugyn. E-formanyomtatv\u00e1ny szolg\u00e1l. Ezek a formanyomtatv\u00e1nyok tartalmaznak minden olyan inform\u00e1ci\u00f3t, amelyek az \u00d6n jogai \u00e9s a juttat\u00e1sai al\u00e1t\u00e1maszt\u00e1s\u00e1ra sz\u00fcks\u00e9gesek. A nyomtatv\u00e1nyokat \u00a0m\u00e9g a kiutaz\u00e1s el\u0151tt aj\u00e1nlott ig\u00e9nyelni \u00a0az illet\u00e9kes hat\u00f3s\u00e1gokt\u00f3l &#8211; azaz a\u00a0T\u00e1rsadalombiztos\u00edt\u00edt\u00f3t\u00f3l. Ezt a\u00a0k\u00e9s\u0151bbiekben az ideiglenes lak\u00f3hely alapj\u00e1n fel sz\u00fcks\u00e9ges\u00a0 t\u00fcntetni az illet\u00e9kes hat\u00f3s\u00e1goknak. Term\u00e9szetesen, egy profeszion\u00e1lis \u00a0munkak\u00f6zvet\u00edt\u0151\u00a0 e t\u00e9ren is seg\u00edts\u00e9getny\u00fajt.<\/p>\n<p><strong>Eg\u00e9szs\u00e9g\u00fcgyi alapell\u00e1t\u00e1s<\/strong><\/p>\n<ul>\n<li>Ha \u00e1tmeneti tart\u00f3zkod\u00e1sa alatt az\u00a0 Eur\u00f3pai \u00dani\u00f3\u00a0 tag\u00e1llamain bel\u00fcl v\u00e1ratlanul megbetegszik, baleset \u00e9ri, jogosult az eg\u00e9szs\u00e9g\u00fcgyi ell\u00e1t\u00e1sra. Az utaz\u00e1s el\u0151tt sz\u00fcks\u00e9ges megl\u00e1togatni az illet\u00e9kes eg\u00e9szs\u00e9g\u00fcgyi biztos\u00edt\u00f3t, amely kiadja a\u00a0m\u00e1r meger\u0151s\u00edtett nyomtatv\u00e1nyokat- E 106 SK, E 109 SK, E 120 SK, E 121 SK, E 112 stb. \u00e9s m\u00e1s \u00fagynevezett ig\u00e9nyelhet\u0151 dokumentumokat is . E nyomtatv\u00e1nyok alapj\u00e1n jogostult a\u00a0k\u00f6lts\u00e9gek teljesk\u00f6r\u0171 fedez\u00e9s\u00e9re, \u00e9s a\u00a0teljesk\u00f6r\u0171 eg\u00e9szs\u00e9g\u00fcgyi ell\u00e1t\u00e1sra amelyet az otthoni eg\u00e9szs\u00e9g\u00fcgyi alap is biztos\u00edt.<\/li>\n<li>A\u00a0k\u00fclf\u00f6ldi\u00a0 eg\u00e9szs\u00e9g\u00fcgyi\u00a0 ell\u00e1t\u00e1sok meggk\u00f6nny\u00edt\u00e9s\u00e9re \u00e9rdemes k\u00e9relmezni a\u00a0 Eur\u00f3pai Eg\u00e9szs\u00e9gbiztos\u00edt\u00e1si K\u00e1rty\u00e1t, ammellyel igazolhat\u00f3, hogy \u00a0<strong>\u00a0<\/strong>valamely tag\u00e1llam eg\u00e9szs\u00e9g\u00fcgyi rendszer\u00e9ben jelen van, jogosult az azonnali eg\u00e9szs\u00e9g\u00fcgyi ell\u00e1t\u00e1sra, az adott orsz\u00e1g ter\u00fclet\u00e9n.<\/li>\n<li>Az Eur\u00f3pai \u00dani\u00f3n bel\u00fcli k\u00f6zvtelen eg\u00e9szs\u00e9g\u00fcgyi ell\u00e1t\u00e1s bizos\u00edt\u00e1s\u00e1hoz r\u00e9szv\u00e9teli a d\u00edjak befizet\u00e9se\u00a0 sz\u00fcks\u00e9ges.\u00a0 Ha ki akarja ker\u00fclni a\u00a0r\u00e9szv\u00e9teli d\u00edjak t\u00f6rleszt\u00e9s\u00e9t, figyelm\u00e9be aj\u00e1nljuk m\u00e9g a\u00a0kiutaz\u00e1s el\u0151tt megk\u00f6tni utaz\u00e1si biztos\u00edt\u00e1s\u00e1t.<\/li>\n<li>Ne feledje megl\u00e1togatni\u00a0 h\u00e1ziorvos\u00e1t ha, csak v\u00e9nyre kaphat\u00f3 gy\u00f3gyszereket szed, vagy kr\u00f3nikus betegs\u00e9gben szenved,<\/li>\n<li>Az eg\u00e9szs\u00e9g\u00fcgyi ell\u00e1t\u00e1s\u00a0k\u00f6lts\u00e9gek t\u00f6rleszt\u00e9s\u00e9t m\u00e9g k\u00fclf\u00f6ldi tart\u00f3zkod\u00e1sa alatt ig\u00e9nyelheti, az EU-n bel\u00fcl (de k\u00edv\u00fcl is). Ha ezt a lehet\u0151s\u00e9get elhalasztja, hazaj\u00f6vetele ut\u00e1n lehet\u0151s\u00e9ge ny\u00edlik az \u00f6sszeg t\u00e9r\u00edt\u00e9s\u00e9nek ig\u00e9nyl\u00e9s\u00e9re k\u00e9szp\u00e9nz form\u00e1j\u00e1ban is. Az \u00e9rintett eg\u00e9szs\u00e9g\u00fcgyi biztos\u00edt\u00f3 kirendelts\u00e9g\u00e9n a sz\u00fcks\u00e9ges dokumentumok kit\u00f6lt\u00e9se ut\u00e1n mell\u00e9keli :\n<ul>\n<li>az eredeti nyugt\u00e1t,<\/li>\n<li>az ell\u00e1t\u00e1s\u00f3l sz\u00f3l\u00f3 igazol\u00e1st, a\u00a0kezel\u00e9sek dokument\u00e1ci\u00f3it, a\u00a0fel\u00edrt gy\u00f3gyszerek list\u00e1j\u00e1t<\/li>\n<li>m\u00e1s, az ell\u00e1t\u00e1s igazol\u00e1s\u00e1r\u00f3l sz\u00f3l\u00f3 dokumenumot, melyeket az ell\u00e1t\u00e1s sor\u00e1n k\u00e9zhez kapott.<\/li>\n<\/ul>\n<\/li>\n<\/ul>\n<p><strong>A hazautaz\u00e1s ut\u00e1n<\/strong><\/p>\n<p><strong>\u00a0<\/strong><\/p>\n<ul>\n<li>Teljes\u00edteni a\u00a0jogszab\u00e1lyokb\u00f3l ered\u0151 bejelent\u00e9si k\u00f6telezetts\u00e9g\u00e9t \u00a0a\u00a0T\u00e1rsadalombiztos\u00edtt\u00f3n\u00e1l,<\/li>\n<li>Ha munk\u00e1t keres, a munka\u00fcgyi, szoci\u00e1lis \u00e9s csal\u00e1d\u00fcgyi hivatalokn\u00e1l is bejelentkezhet, ahol dokument\u00e1lnia kell el\u0151z\u0151 munkatapasztalatait.<\/li>\n<li>A\u00a0munkaviszony befejez\u00e9se ut\u00e1n, az adott orsz\u00e1gban, lehet\u0151s\u00e9ge ny\u00edlik a\u00a0munkan\u00e9lk\u00fcli ell\u00e1t\u00e1s k\u00e9relmez\u00e9s\u00e9re. Ahhoz, hogy az\u00a0ell\u00e1t\u00e1sokat megkjapja, meg kell felelnie az adott orsz\u00e1g jogszab\u00e1lyzati el\u0151\u00edr\u00e1sainak.<\/li>\n<li>Visszat\u00e9r\u00e9se ut\u00e1n 7 munkanapon bel\u00fcl sz\u00fcks\u00e9ges jelentkeznie a\u00a0 munka\u00fcgyi, szoci\u00e1lis \u00e9s csal\u00e1d\u00fcgyi hivatalokn\u00e1l .<\/li>\n<li>Hazat\u00e9r\u00e9se ut\u00e1n mindnen \u00e9vben k\u00f6teles bejelenteni \u00a0ad\u00f3k\u00f6teless\u00e9geit. Az ad\u00f3bevall\u00e1s k\u00f6telezetts\u00e9g\u00e9re hat\u00e1st gyakorl\u00f3 t\u00e9nyez\u0151 els\u0151sorban az, hogy volt-e valamilyen k\u00fclf\u00f6ldr\u0151l bej\u00f6v\u0151 j\u00f6vedelme, valamint hogy Szlov\u00e1ki\u00e1n bel\u00fcl Teljesen vagy Nem teljesen ad\u00f3k\u00f6teles.<\/li>\n<li>Az ad\u00f3bevall\u00e1s kidolgoz\u00e1s\u00e1val Szlov\u00e1kia vagy\/\u00e9s Ausztria ter\u00fclet\u00e9n a\u00a0seg\u00edts\u00e9g\u00e9re lehet \u00a0szem\u00e9lyes ad\u00f3tan\u00e1csad\u00f3ja, vagy regisztl\u00e1lhat oldalunkon, \u00e9s professzion\u00e1lis, tapasztalt szem\u00e9lyzet\u00fcnk seg\u00edt a\u00a0probl\u00e9m\u00e1k megold\u00e1s\u00e1ban.<\/li>\n<\/ul>\n<p>&nbsp;<\/p>\n","protected":false},"excerpt":{"rendered":"<p>Ha nem kedveli a hat\u00f3s\u00e1gokon val\u00f3 hosszadalmas \u00fcgyint\u00e9z\u00e9seket, \u00a0\u00e9s egy olyan lehet\u0151s\u00e9get keres, amely a pap\u00edrmunk\u00e1k elint\u00e9z\u00e9s\u00e9nek minden ter\u00e9n seg\u00edt,\u00a0 az olyan HR c\u00e9geket aj\u00e1nljuk figyelm\u00e9be, amelyekre professzion\u00e1lis szinten sz\u00e1m\u00edthat. Szlov\u00e1kia egyik legnagyobb v\u00e1llalata az ATENA \u2013 PERSONAL CONSULTING s.r.o. , Mi\u00a0 minden formalit\u00e1sban seg\u00edt\u00fcnk \u00d6nnek, hogy utaz\u00e1sa kellemesen \u00e9s nyugalomban teljen. Sz\u00fcks\u00e9ges dokumentumok list\u00e1ja [&hellip;]<\/p>\n","protected":false},"author":2,"featured_media":0,"comment_status":"open","ping_status":"open","sticky":false,"template":"","format":"standard","meta":{"footnotes":""},"categories":[5],"tags":[],"_links":{"self":[{"href":"https:\/\/rakuskopraca.sk\/hu\/wp-json\/wp\/v2\/posts\/842"}],"collection":[{"href":"https:\/\/rakuskopraca.sk\/hu\/wp-json\/wp\/v2\/posts"}],"about":[{"href":"https:\/\/rakuskopraca.sk\/hu\/wp-json\/wp\/v2\/types\/post"}],"author":[{"embeddable":true,"href":"https:\/\/rakuskopraca.sk\/hu\/wp-json\/wp\/v2\/users\/2"}],"replies":[{"embeddable":true,"href":"https:\/\/rakuskopraca.sk\/hu\/wp-json\/wp\/v2\/comments?post=842"}],"version-history":[{"count":0,"href":"https:\/\/rakuskopraca.sk\/hu\/wp-json\/wp\/v2\/posts\/842\/revisions"}],"wp:attachment":[{"href":"https:\/\/rakuskopraca.sk\/hu\/wp-json\/wp\/v2\/media?parent=842"}],"wp:term":[{"taxonomy":"category","embeddable":true,"href":"https:\/\/rakuskopraca.sk\/hu\/wp-json\/wp\/v2\/categories?post=842"},{"taxonomy":"post_tag","embeddable":true,"href":"https:\/\/rakuskopraca.sk\/hu\/wp-json\/wp\/v2\/tags?post=842"}],"curies":[{"name":"wp","href":"https:\/\/api.w.org\/{rel}","templated":true}]}}