{"id":805,"date":"2015-03-18T10:14:52","date_gmt":"2015-03-18T09:14:52","guid":{"rendered":"https:\/\/rakuskopraca.sk\/az-e-tipusu-nyomtatvanyok-attekintese-es-azok-hasznalata\/"},"modified":"2017-07-14T09:53:54","modified_gmt":"2017-07-14T07:53:54","slug":"az-e-tipusu-nyomtatvanyok-attekintese-es-azok-hasznalata","status":"publish","type":"post","link":"https:\/\/rakuskopraca.sk\/hu\/az-e-tipusu-nyomtatvanyok-attekintese-es-azok-hasznalata\/","title":{"rendered":"Az E t\u00edpus\u00fa nyomtatv\u00e1nyok \u00e1ttekint\u00e9se \u00e9s azok haszn\u00e1lata"},"content":{"rendered":"<p>Ebben a cikkben egy\u00e9rtelm\u0171 \u00e1ttekint\u00e9st kap az E t\u00edpus\u00fa nyomtatv\u00e1nyokr\u00f3l, az Eur\u00f3pai Uni\u00f3s tag\u00e1llamok \u00e9s Sv\u00e1jc ter\u00fclet\u00e9n t\u00f6rt\u00e9n\u0151 szoci\u00e1lis bebiztos\u00edt\u00e1s \u00e9rdek\u00e9ben. Amennyiben bajl\u00f3dik a kit\u00f6lt\u00e9s\u00fckkel \u00e9s a bead\u00e1sukkal, akkor szivesen segg\u00edt\u00fcnk \u00d6nnek. Elegend\u0151 beregisztr\u00e1lni n\u00e1lunk \u00e9s felvenni vel\u00fcnk a kapcsolatot.<\/p>\n<div id=\"header-wrapper\">\n<table width=\"1215\">\n<thead>\n<tr>\n<th>Nyomtatv\u00e1ny<\/th>\n<th>C\u00e9lja<\/th>\n<th><strong>A kiad\u00f3 szervezet \u00e9s felhaszn\u00e1l\u00e1sa<\/strong><\/th>\n<\/tr>\n<\/thead>\n<\/table>\n<\/div>\n<div class=\"table-wrapper\">\n<table width=\"1030\">\n<tbody>\n<tr>\n<td><strong>E 101<\/strong><\/td>\n<td>Nyilatkozat az \u00e9rv\u00e9nyes jogszab\u00e1lyokr\u00f3l. Amennyiben be szeretn\u00e9 bizony\u00edtani, hogy m\u00e1s EU \u00e1llamban fizet j\u00e1rul\u00e9kokat \u2013 p\u00e9ld\u00e1ul, ha k\u00fclf\u00f6ldre van kik\u00fcldve, vagy egyszerre t\u00f6bb \u00e1llamban dolgozik.<\/td>\n<td>Arr\u00f3l, hogy mely szervezet adhatja ki ezt a dokumentumot a Region\u00e1lis Kapcsolattart\u00f3 Irod\u00e1t\u00f3l kap inform\u00e1ci\u00f3t.<\/td>\n<\/tr>\n<tr>\n<td><strong>E 102<\/strong><\/td>\n<td>Jogosults\u00e1g az alkalmazott kik\u00fcldet\u00e9s\u00e9nek meghosszabb\u00edt\u00e1s\u00e1ra. Abban az esetben hasznos, amennyiben a munkav\u00e9gz\u00e9s hosszabb id\u0151t k\u00edv\u00e1n, mint 12 h\u00f3nap.<\/td>\n<td>Arr\u00f3l, hogy mely szervezet adhatja ki ezt a dokumentumot a Region\u00e1lis Kapcsolattart\u00f3 Irod\u00e1t\u00f3l kap inform\u00e1ci\u00f3t.<\/td>\n<\/tr>\n<tr>\n<td><strong>E 104<\/strong><\/td>\n<td>Egy orsz\u00e1gban t\u00f6rt\u00e9n\u0151 munka, biztos\u00edt\u00e1s \u00e9s tart\u00f3zkod\u00e1s nyilv\u00e1ntart\u00e1sa. A migr\u00e1ns \u00e9s a hat\u00e1ron t\u00fali munk\u00e1sok sz\u00e1m\u00e1ra ez a nyomtatv\u00e1ny lehet\u0151v\u00e9 teszi a hozz\u00e1f\u00e9r\u00e9st az eg\u00e9szs\u00e9g\u00fcgyi biztos\u00edt\u00e1shoz abban az orsz\u00e1gban, amely k\u00f6veteli a ledolgozott id\u0151szak nyilv\u00e1ntart\u00e1s\u00e1t.<\/td>\n<td>T\u00e1rsadalombiztos\u00edt\u00f3. Adja le azon orsz\u00e1g t\u00e1rsadalombiztos\u00edt\u00f3j\u00e1ban, amelyben dolgozik.<\/td>\n<\/tr>\n<tr>\n<td><span id=\"e106\"><\/span><strong>E 106<\/strong><\/td>\n<td>Igazol\u00e1s az eg\u00e9szs\u00e9g\u00fcgyi ell\u00e1t\u00e1s jogosults\u00e1g\u00e1r\u00f3l, abban az esetben, amennyiben nem abban az orsz\u00e1gban \u00e9l, ahol biztos\u00edtva van. Ezt a nyomtatv\u00e1nyt f\u0151leg a hat\u00e1ron t\u00fali dolgoz\u00f3k, az \u00e1llami alkalmazottak \u00e9s az azokt\u00f3l f\u00fcgg\u0151 szem\u00e9lyek haszn\u00e1lj\u00e1k ki.<\/td>\n<td>T\u00e1rsadalombiztos\u00edt\u00f3. Adja le azon orsz\u00e1g b\u00e1rmely t\u00e1rsadalombiztos\u00edt\u00f3j\u00e1ban, amelyben \u00e9l.<\/td>\n<\/tr>\n<tr>\n<td><strong>E 109<\/strong><\/td>\n<td>Igazol\u00e1s azon szem\u00e9lyek eg\u00e9szs\u00e9g\u00fcgyi ell\u00e1t\u00e1s\u00e1nak jogosults\u00e1g\u00e1r\u00f3l, akik f\u00fcggnek \u00d6nt\u0151l, \u00e9s nem abban az orsz\u00e1gban \u00e9lnek, ahol \u00d6n dolgozik. Ezt a nyomtatv\u00e1nyt f\u0151leg azon migr\u00e1ns dolgoz\u00f3k haszn\u00e1lj\u00e1k ki, akik csal\u00e1dja m\u00e9g mindig a sz\u00fcl\u0151orsz\u00e1gban \u00e9l.<\/td>\n<td>T\u00e1rsadalombiztos\u00edt\u00f3. Az \u00d6nt\u0151l f\u00fcgg\u0151 szem\u00e9lyeknek, azon orsz\u00e1g t\u00e1rsadalombiztos\u00edt\u00f3j\u00e1ban kell leadniuk, amelyben \u00e9lnek.<\/td>\n<\/tr>\n<tr>\n<td><strong>E 112<\/strong><\/td>\n<td>Jogosults\u00e1g tervezett orvosi ell\u00e1t\u00e1sra m\u00e1s EU \u00e1llamban vagy EFTA-ban.\u00a0Ugyanolyan ell\u00e1t\u00e1sra jogosult, mint az adott \u00e1llam lakosai. Lehets\u00e9ges, hogy a k\u00f6lts\u00e9gek egy r\u00e9sz\u00e9t el\u0151re ki kell fizetnie.<\/td>\n<td>T\u00e1rsadalombiztos\u00edt\u00f3. Azon orsz\u00e1g t\u00e1rsadalombiztos\u00edt\u00f3j\u00e1ban adja le, amelyben a gy\u00f3gykezel\u00e9sen r\u00e9szt akar venni.<\/td>\n<\/tr>\n<tr>\n<td><strong>E 116<\/strong><\/td>\n<td>A beteg\u00e1llom\u00e1nnyal kapcsolatos orvosi jelent\u00e9s (betegszabads\u00e1g vagy sz\u00fcl\u00e9si szabads\u00e1g).<\/td>\n<td>Azon orsz\u00e1g t\u00e1rsadalombiztos\u00edt\u00f3j\u00e1nak orvosa adja ki, amelyben dolgozik, \u00e9s tov\u00e1bb\u00edtja azt az \u00d6n t\u00e1rsadalombiztos\u00edt\u00f3j\u00e1nak.<\/td>\n<\/tr>\n<tr>\n<td><strong>E 121<\/strong><\/td>\n<td>Igazol\u00e1s a nyugd\u00edjas eg\u00e9szs\u00e9g\u00fcgyi ell\u00e1t\u00e1s\u00e1r\u00f3l abban az esetben, amennyiben nem abban az orsz\u00e1gban \u00e9l, ahol biztos\u00edtva van.<\/td>\n<td>T\u00e1rsadalombiztos\u00edt\u00f3. Azon orsz\u00e1g b\u00e1rmely t\u00e1rsadalombiztos\u00edt\u00f3j\u00e1ban adja le, amelyben \u00e9l.<\/td>\n<\/tr>\n<tr>\n<td><strong>E 301<\/strong><\/td>\n<td>Igazol\u00e1s azon id\u0151szakok biztos\u00edt\u00e1s\u00e1r\u00f3l, amelyet figyelembe vesznek a munkan\u00e9lk\u00fcli seg\u00e9ly kisz\u00e1mol\u00e1sakor.<\/td>\n<td>Munka\u00fcgyi hivatal abban az orsz\u00e1gban, vagy orsz\u00e1gokban, ahol utolj\u00e1ra dolgozott. \u00a0Azon orsz\u00e1g region\u00e1lis munka\u00fcgyi hivatal\u00e1ban adja le, amelyben a seg\u00e9lyt k\u00e9rv\u00e9nyezni szeretn\u00e9.<\/td>\n<\/tr>\n<tr>\n<td><strong>E 303<\/strong><\/td>\n<td>Jogosults\u00e1g a munkan\u00e9lk\u00fcli seg\u00e9ly export\u00e1l\u00e1s\u00e1ra.<\/td>\n<td>Munka\u00fcgyi hivatal abban az orsz\u00e1gban, amelyben munkan\u00e9lk\u00fcliv\u00e9 v\u00e1lt. Azon orsz\u00e1g munkan\u00e9lk\u00fcli hivatal\u00e1ban adja le, amelyben munk\u00e1t keres.<\/td>\n<\/tr>\n<tr>\n<td><strong>E\u00a0303\/5<\/strong><\/td>\n<td>A k\u00fclf\u00f6ldi seg\u00e9lyek juttat\u00e1s\u00e1r\u00f3l sz\u00f3l\u00f3 nyilatkozat (az E303 nyilatkozat r\u00e9sze). A munkan\u00e9lk\u00fcli seg\u00e9lyek export\u00e1l\u00e1s\u00e1n\u00e1l sz\u00fcks\u00e9ges inform\u00e1ci\u00f3k az \u00d6n jogair\u00f3l \u00e9s k\u00f6teless\u00e9geir\u0151l. Azon orsz\u00e1gok region\u00e1lis munka\u00fcgyi hivatalainak, amelyben munk\u00e1t keres, teszi lehet\u0151v\u00e9 a seg\u00e9ly \u00f6sszeg\u00e9nek jelent\u00e9s\u00e9t, amelyet ott kapott.<\/td>\n<td>Munka\u00fcgyi hivatal, abban az orsz\u00e1gban, ahol munkan\u00e9lk\u00fcliv\u00e9 v\u00e1lt. Azon orsz\u00e1g munkan\u00e9lk\u00fcli hivatal\u00e1ban adja le, amelyben munk\u00e1t keres.<\/td>\n<\/tr>\n<tr>\n<td><strong>E 401<\/strong><\/td>\n<td>Nyilatkozat a csal\u00e1dr\u00f3l annak \u00e9rdek\u00e9ben, hogy az adott \u00e1llam kisz\u00e1molja a csal\u00e1di p\u00f3tl\u00e9kot. Ezt a nyilatkozatot azon migr\u00e1ns dolgoz\u00f3k haszn\u00e1lj\u00e1k ki, \u00a0akik csal\u00e1dja m\u00e9g a sz\u00fcl\u0151orsz\u00e1gukban \u00e9l, illetve a hat\u00e1ron t\u00fali dolgoz\u00f3k.<\/td>\n<td>Azon orsz\u00e1g adja ki, amelyben az \u00d6n csal\u00e1dja \u00e9l. Azon orsz\u00e1g felel\u0151s hivatalaiban adja le, amelyben dolgozik.<\/td>\n<\/tr>\n<\/tbody>\n<\/table>\n<\/div>\n","protected":false},"excerpt":{"rendered":"<p>Ebben a cikkben egy\u00e9rtelm\u0171 \u00e1ttekint\u00e9st kap az E t\u00edpus\u00fa nyomtatv\u00e1nyokr\u00f3l, az Eur\u00f3pai Uni\u00f3s tag\u00e1llamok \u00e9s Sv\u00e1jc ter\u00fclet\u00e9n t\u00f6rt\u00e9n\u0151 szoci\u00e1lis bebiztos\u00edt\u00e1s \u00e9rdek\u00e9ben. Amennyiben bajl\u00f3dik a kit\u00f6lt\u00e9s\u00fckkel \u00e9s a bead\u00e1sukkal, akkor szivesen segg\u00edt\u00fcnk \u00d6nnek. Elegend\u0151 beregisztr\u00e1lni n\u00e1lunk \u00e9s felvenni vel\u00fcnk a kapcsolatot. Nyomtatv\u00e1ny C\u00e9lja A kiad\u00f3 szervezet \u00e9s felhaszn\u00e1l\u00e1sa E 101 Nyilatkozat az \u00e9rv\u00e9nyes jogszab\u00e1lyokr\u00f3l. Amennyiben be [&hellip;]<\/p>\n","protected":false},"author":2,"featured_media":0,"comment_status":"open","ping_status":"open","sticky":false,"template":"","format":"standard","meta":{"footnotes":""},"categories":[7,1,5],"tags":[],"_links":{"self":[{"href":"https:\/\/rakuskopraca.sk\/hu\/wp-json\/wp\/v2\/posts\/805"}],"collection":[{"href":"https:\/\/rakuskopraca.sk\/hu\/wp-json\/wp\/v2\/posts"}],"about":[{"href":"https:\/\/rakuskopraca.sk\/hu\/wp-json\/wp\/v2\/types\/post"}],"author":[{"embeddable":true,"href":"https:\/\/rakuskopraca.sk\/hu\/wp-json\/wp\/v2\/users\/2"}],"replies":[{"embeddable":true,"href":"https:\/\/rakuskopraca.sk\/hu\/wp-json\/wp\/v2\/comments?post=805"}],"version-history":[{"count":1,"href":"https:\/\/rakuskopraca.sk\/hu\/wp-json\/wp\/v2\/posts\/805\/revisions"}],"predecessor-version":[{"id":2404,"href":"https:\/\/rakuskopraca.sk\/hu\/wp-json\/wp\/v2\/posts\/805\/revisions\/2404"}],"wp:attachment":[{"href":"https:\/\/rakuskopraca.sk\/hu\/wp-json\/wp\/v2\/media?parent=805"}],"wp:term":[{"taxonomy":"category","embeddable":true,"href":"https:\/\/rakuskopraca.sk\/hu\/wp-json\/wp\/v2\/categories?post=805"},{"taxonomy":"post_tag","embeddable":true,"href":"https:\/\/rakuskopraca.sk\/hu\/wp-json\/wp\/v2\/tags?post=805"}],"curies":[{"name":"wp","href":"https:\/\/api.w.org\/{rel}","templated":true}]}}